{"id":2546,"date":"2023-05-09T10:55:16","date_gmt":"2023-05-09T08:55:16","guid":{"rendered":"https:\/\/www.zeborne.com\/fr\/?p=2546"},"modified":"2023-05-11T16:07:55","modified_gmt":"2023-05-11T14:07:55","slug":"quelles-aides-pour-linstallation-de-bornes-de-recharge-en-entreprise","status":"publish","type":"post","link":"https:\/\/www.zeborne.com\/fr\/guide\/quelles-aides-pour-linstallation-de-bornes-de-recharge-en-entreprise\/","title":{"rendered":"Quelles aides pour l\u2019installation de bornes de recharge en entreprise ?"},"content":{"rendered":"<p><div class=\"fusion-fullwidth fullwidth-box fusion-builder-row-1 fusion-flex-container container-article nonhundred-percent-fullwidth non-hundred-percent-height-scrolling\" style=\"background-color: rgba(255,255,255,0);background-position: center center;background-repeat: no-repeat;border-width: 0px 0px 0px 0px;border-color:var(--awb-color3);border-style:solid;\" ><div class=\"fusion-builder-row fusion-row fusion-flex-align-items-flex-start\" style=\"max-width:1248px;margin-left: calc(-4% \/ 2 );margin-right: calc(-4% \/ 2 );\"><div class=\"fusion-layout-column fusion_builder_column fusion-builder-column-0 fusion_builder_column_1_1 1_1 fusion-flex-column fusion-flex-align-self-flex-start\"><div class=\"fusion-column-wrapper fusion-flex-justify-content-flex-start fusion-content-layout-row\" style=\"background-position:left top;background-repeat:no-repeat;-webkit-background-size:cover;-moz-background-size:cover;-o-background-size:cover;background-size:cover;padding: 0px 0px 0px 0px;\"><div class=\"fusion-text fusion-text-1\" style=\"font-size:18px;color:var(--awb-custom_color_2);font-family:&quot;Satoshi-Bold&quot;;font-weight:400;\"><p>Des <strong>aides \u00e0 l\u2019installation de bornes de recharge en entreprise<\/strong> existent. Elles sont essentiellement distribu\u00e9es par le programme ADVENIR. Certaines r\u00e9gions proposent \u00e9galement des subventions publiques. Ces soutiens font baisser le <a href=\"https:\/\/www.zeborne.com\/fr\/guide\/quel-est-le-prix-d-une-infrastructure-de-station-de-recharge-prive\">prix d\u2019une infrastructure de station de recharge priv\u00e9e<\/a>. Les montants se d\u00e9finissent \u00e0 partir de taux de prise en charge. Certaines bornes peuvent par exemple b\u00e9n\u00e9ficier d\u2019un taux de 50 %. Faisons un \u00e9tat des lieux.<\/p>\n<\/div><div ><style>.fusion-imageframe.imageframe-1{ margin-bottom : 16px;}<\/style><span class=\" fusion-imageframe imageframe-none imageframe-1 hover-type-none image-caption\" style=\"border-radius:30px;\"><img decoding=\"async\" width=\"300\" height=\"225\" alt=\"Quelles aides pour l\u2019installation de bornes de recharge en entreprise ?\" src=\"https:\/\/www.zeborne.com\/fr\/wp-content\/uploads\/sites\/3\/2023\/05\/stock-image-369917598-S-300x225.jpg\" class=\"img-responsive wp-image-2549\" srcset=\"https:\/\/www.zeborne.com\/fr\/wp-content\/uploads\/sites\/3\/2023\/05\/stock-image-369917598-S-200x150.jpg 200w, https:\/\/www.zeborne.com\/fr\/wp-content\/uploads\/sites\/3\/2023\/05\/stock-image-369917598-S-400x300.jpg 400w, https:\/\/www.zeborne.com\/fr\/wp-content\/uploads\/sites\/3\/2023\/05\/stock-image-369917598-S.jpg 500w\" sizes=\"(max-width: 640px) 100vw, 300px\" \/><\/span><\/div><div class=\"fusion-text fusion-text-2 blog-h2\" style=\"font-size:35px;text-transform:uppercase;color:var(--awb-custom_color_2);font-family:&quot;ClashDisplay-SemiBold&quot;;font-weight:400;\"><h2 id=\"ancre1\">Aides \u00e0 l\u2019installation des bornes de recharge : quelques chiffres<\/h2>\n<\/div><div class=\"fusion-text fusion-text-3\" style=\"font-size:18px;color:var(--awb-custom_color_2);font-family:&quot;Satoshi-Regular&quot;;font-weight:400;\"><p>Toutes les aides \u00e0 l\u2019installation de bornes de recharge en entreprise rel\u00e8vent d\u2019un programme de financement national plus large. En effet, la France vise l\u2019installation de<strong> 100 000 infrastructures de recharge<\/strong> ouvertes au public pour d\u00e9cembre 2022.<\/p>\n<\/div><div class=\"fusion-text fusion-text-4 blog-h3\" style=\"font-size:24px;text-transform:uppercase;color:var(--awb-custom_color_2);font-family:&quot;ClashDisplay-SemiBold&quot;;font-weight:400;\"><h3>Transition \u00e9nerg\u00e9tique et installation des bornes de recharge<\/h3>\n<\/div><div class=\"fusion-text fusion-text-5\" style=\"font-size:18px;color:var(--awb-custom_color_2);font-family:&quot;Satoshi-Regular&quot;;font-weight:400;\"><p>L\u2019un des freins \u00e0 l\u2019acquisition des v\u00e9hicules \u00e9lectriques est le manque de points de recharge. Au 31 ao\u00fbt, la France comptait <strong>69 428 points de recharge ouverts au public<\/strong>. L\u2019\u00c9tat g\u00e8re directement le d\u00e9ploiement de bornes de recharge sur le domaine public. Environ 30 % du parc de bornes de recharge se situe sur ce dernier.<\/p>\n<\/div><div class=\"fusion-text fusion-text-6 blog-h3\" style=\"font-size:24px;text-transform:uppercase;color:var(--awb-custom_color_2);font-family:&quot;ClashDisplay-SemiBold&quot;;font-weight:400;\"><h3>Le r\u00f4le des entreprises dans l\u2019installation des infrastructures de recharge<\/h3>\n<\/div><div class=\"fusion-text fusion-text-7\" style=\"font-size:18px;color:var(--awb-custom_color_2);font-family:&quot;Satoshi-Regular&quot;;font-weight:400;\"><p>L\u2019\u00c9tat s\u2019appuie sur les entreprises du territoire pour \u00e9quiper les points de recharge situ\u00e9s sur le domaine priv\u00e9. Mais la France ne comptabilise que <strong>2 300 bornes de recharge en entreprise<\/strong> (3 % du total). En revanche, environ 31 % des bornes de recharge se situent en parking de commerce.<\/p>\n<\/div><div class=\"fusion-text fusion-text-8 blog-h2\" style=\"font-size:35px;text-transform:uppercase;color:var(--awb-custom_color_2);font-family:&quot;ClashDisplay-SemiBold&quot;;font-weight:400;\"><h2 id=\"ancre2\">Prime pour bornes de recharge en entreprise : ADVENIR<\/h2>\n<\/div><div class=\"fusion-text fusion-text-9\" style=\"font-size:18px;color:var(--awb-custom_color_2);font-family:&quot;Satoshi-Regular&quot;;font-weight:400;\"><p>Les aides \u00e0 l\u2019installation de bornes de recharge en entreprise ont <strong>pour but d\u2019acc\u00e9l\u00e9rer la transition \u00e9nerg\u00e9tique<\/strong>. Les entreprises sont en effet en retard sur les infrastructures de recharge. Pourtant, installer des bornes de recharge am\u00e9liore le bilan RSE et apporte un r\u00e9el service aux salari\u00e9s. ADVENIR propose des subventions pour y parvenir.<\/p>\n<\/div><div class=\"fusion-text fusion-text-10 blog-h3\" style=\"font-size:24px;text-transform:uppercase;color:var(--awb-custom_color_2);font-family:&quot;ClashDisplay-SemiBold&quot;;font-weight:400;\"><h3>Programme ADVENIR pour entreprise hors secteur automobile<\/h3>\n<\/div><div class=\"fusion-text fusion-text-11\" style=\"font-size:18px;color:var(--awb-custom_color_2);font-family:&quot;Satoshi-Regular&quot;;font-weight:400;\"><p>Toutes les entreprises peuvent b\u00e9n\u00e9ficier du programme ADVENIR. Le cahier des charges d\u00e9pend essentiellement du type de projet. H\u00f4tels, restaurants ou PME, l\u2019offre ADVENIR permet de r\u00e9duire la facture de 20 \u00e0 50 %. Tout d\u00e9pend si la borne est sur un <strong>parking r\u00e9serv\u00e9 \u00e0 l\u2019entreprise ou ouvert au public<\/strong>.<\/p>\n<\/div><div class=\"fusion-text fusion-text-12 blog-h4\" style=\"font-size:22px;color:var(--awb-custom_color_2);font-family:&quot;Satoshi-Bold&quot;;font-weight:400;\"><h4>Prime \u00e0 l\u2019installation d\u2019une borne de recharge r\u00e9serv\u00e9e \u00e0 l\u2019entreprise<\/h4>\n<\/div><div class=\"fusion-text fusion-text-13\" style=\"font-size:18px;color:var(--awb-custom_color_2);font-family:&quot;Satoshi-Regular&quot;;font-weight:400;\"><p>Ces aides \u00e0 l\u2019installation de bornes de recharge en entreprise visent un projet d\u00e9di\u00e9 uniquement aux v\u00e9hicules de soci\u00e9t\u00e9 et aux salari\u00e9s. Il peut s\u2019agir de l\u2019installation d\u2019une simple borne de recharge. Dans ce cas, la prime est de <strong>20 % du co\u00fbt d\u2019installation HT<\/strong>, dans la limite de 600 euros. La modernisation d\u2019une borne n\u2019est pas \u00e9ligible.<\/p>\n<\/div><div class=\"fusion-text fusion-text-14 blog-h4\" style=\"font-size:22px;color:var(--awb-custom_color_2);font-family:&quot;Satoshi-Bold&quot;;font-weight:400;\"><h4>Prime pour une infrastructure de recharge ouverte au public<\/h4>\n<\/div><div class=\"fusion-text fusion-text-15\" style=\"font-size:18px;color:var(--awb-custom_color_2);font-family:&quot;Satoshi-Regular&quot;;font-weight:400;\"><p>La prime ADVENIR finance plus de projets si le parking est ouvert au public. Elle soutient par exemple la <strong>pose d\u2019une borne de recharge<\/strong> et de cinq points de recharge. Cette prime subventionne \u00e9galement la modernisation d\u2019une borne. Le taux et le montant varient selon le type de projet.<\/p>\n<\/div><div class=\"fusion-text fusion-text-16 blog-h4\" style=\"font-size:22px;color:var(--awb-custom_color_2);font-family:&quot;Satoshi-Bold&quot;;font-weight:400;\"><h4>Aides \u00e0 l\u2019installation de bornes de recharge en entreprise pour poids lourds<\/h4>\n<\/div><div class=\"fusion-text fusion-text-17\" style=\"font-size:18px;color:var(--awb-custom_color_2);font-family:&quot;Satoshi-Regular&quot;;font-weight:400;\"><p>Le dispositif ADVENIR finance les projets destin\u00e9s aux poids lourds. La puissance de raccordement de l\u2019infrastructure de recharge peut \u00eatre inf\u00e9rieure ou sup\u00e9rieure \u00e0 500 kVA. Dans le premier cas, l\u2019aide \u00e9quivaut \u00e0 <strong>50 % du montant HT du projet<\/strong>, dans la limite de 15 000 euros. Dans le second cas, elle peut atteindre 960 000 euros.<\/p>\n<\/div><div class=\"fusion-text fusion-text-18 blog-h3\" style=\"font-size:24px;text-transform:uppercase;color:var(--awb-custom_color_2);font-family:&quot;ClashDisplay-SemiBold&quot;;font-weight:400;\"><h3>Dispositif ADVENIR pour entreprises de services automobiles<\/h3>\n<\/div><div class=\"fusion-text fusion-text-19\" style=\"font-size:18px;color:var(--awb-custom_color_2);font-family:&quot;Satoshi-Regular&quot;;font-weight:400;\"><p>Les soci\u00e9t\u00e9s exer\u00e7ant leur activit\u00e9 dans le secteur automobile b\u00e9n\u00e9ficient \u00e9galement d\u2019un soutien financier ADVENIR. Les subventions ne sont pas du m\u00eame montant selon le type de projet. Tout d\u00e9pend si l\u2019\u00e9quipement est <strong>ouvert ou non au public<\/strong>.<\/p>\n<\/div><div class=\"fusion-text fusion-text-20 blog-h4\" style=\"font-size:22px;color:var(--awb-custom_color_2);font-family:&quot;Satoshi-Bold&quot;;font-weight:400;\"><h4>Aide pour parkings priv\u00e9s ouverts au public<\/h4>\n<\/div><div class=\"fusion-text fusion-text-21\" style=\"font-size:18px;color:var(--awb-custom_color_2);font-family:&quot;Satoshi-Regular&quot;;font-weight:400;\"><p>Si le projet concerne la pose d\u2019une infrastructure de charge <strong>ouverte au public<\/strong>, ce dernier est \u00e9ligible au programme ADVENIR. Le taux de l\u2019aide est alors de 50 % dans la limite de 15 000 euros\/point de charge. Cela ne concerne pas la borne situ\u00e9e sur la voirie.<\/p>\n<\/div><div class=\"fusion-text fusion-text-22 blog-h4\" style=\"font-size:22px;color:var(--awb-custom_color_2);font-family:&quot;Satoshi-Bold&quot;;font-weight:400;\"><h4>Prime pour parkings priv\u00e9s r\u00e9serv\u00e9s au personnel, aux visiteurs et \u00e0 la flotte<\/h4>\n<\/div><div class=\"fusion-text fusion-text-23\" style=\"font-size:18px;color:var(--awb-custom_color_2);font-family:&quot;Satoshi-Regular&quot;;font-weight:400;\"><p>Les infrastructures dont l\u2019usage n\u2019est pas ouvert au public b\u00e9n\u00e9ficient aussi d\u2019un soutien financier du syst\u00e8me ADVENIR. La somme vers\u00e9e est toutefois de 750 euros maximum par projet. Le taux appliqu\u00e9 est lui de<strong> 25 % du prix total de l\u2019op\u00e9ration<\/strong> (\u00e9quipement et travaux de pose).<\/p>\n<\/div><div class=\"fusion-text fusion-text-24 blog-h3\" style=\"font-size:24px;text-transform:uppercase;color:var(--awb-custom_color_2);font-family:&quot;ClashDisplay-SemiBold&quot;;font-weight:400;\"><h3>ADVENIR et copropri\u00e9t\u00e9s : sur parkings et voirie<\/h3>\n<\/div><div class=\"fusion-text fusion-text-25\" style=\"font-size:18px;color:var(--awb-custom_color_2);font-family:&quot;Satoshi-Regular&quot;;font-weight:400;\"><p>Les copropri\u00e9t\u00e9s sont des entreprises d\u2019un type particulier. Personnes morales, elles sont tout de m\u00eame <strong>\u00e9ligibles au programme ADVENIR<\/strong>. Implanter une borne de charge ou cr\u00e9er une infrastructure collective sur un parking d\u2019immeuble ou en voirie r\u00e9pond ainsi au cahier des charges du dispositif. Le soutien est alors de 50 % du co\u00fbt HT de la facture totale.<\/p>\n<\/div><div class=\"fusion-text fusion-text-26 blog-h2\" style=\"font-size:35px;text-transform:uppercase;color:var(--awb-custom_color_2);font-family:&quot;ClashDisplay-SemiBold&quot;;font-weight:400;\"><h2 id=\"ancre3\">Installation de bornes de recharge en entreprise : la subvention r\u00e9gion<\/h2>\n<\/div><div class=\"fusion-text fusion-text-27\" style=\"font-size:18px;color:var(--awb-custom_color_2);font-family:&quot;Satoshi-Regular&quot;;font-weight:400;\"><p>La loi LOM a fait de la r\u00e9gion l\u2019autorit\u00e9 d\u2019organisation des mobilit\u00e9s (AOM). L\u2019int\u00e9gration territoriale du plan national Climat-Air-\u00c9nergie (PCAET) s\u2019appuie ainsi sur la r\u00e9gion. L\u2019un des six domaines d\u2019action prioritaires de ce plan est la diminution des pollutions et le <strong>d\u00e9veloppement des v\u00e9hicules \u00e9lectriques<\/strong>. Votre r\u00e9gion verse peut-\u00eatre des aides \u00e0 l\u2019installation de bornes de recharge en entreprise. Voyons trois exemples.<\/p>\n<\/div><div class=\"fusion-text fusion-text-28 blog-h3\" style=\"font-size:24px;text-transform:uppercase;color:var(--awb-custom_color_2);font-family:&quot;ClashDisplay-SemiBold&quot;;font-weight:400;\"><h3>La subvention \u00e0 l\u2019installation de bornes de la r\u00e9gion Normandie<\/h3>\n<\/div><div class=\"fusion-text fusion-text-29\" style=\"font-size:18px;color:var(--awb-custom_color_2);font-family:&quot;Satoshi-Regular&quot;;font-weight:400;\"><p>La r\u00e9gion Normandie a pr\u00e9vu des aides \u00e0 l\u2019installation de bornes de recharge en entreprise. Les <strong>PME et ETI jusqu\u2019\u00e0 5 000 salari\u00e9s<\/strong> peuvent en b\u00e9n\u00e9ficier, ainsi que les professions lib\u00e9rales, les entreprises agricoles, les associations et les \u00e9tablissements d\u2019enseignement sup\u00e9rieur. La prime atteint 50 % du co\u00fbt HT d\u2019installation.<\/p>\n<\/div><div class=\"fusion-text fusion-text-30 blog-h3\" style=\"font-size:24px;text-transform:uppercase;color:var(--awb-custom_color_2);font-family:&quot;ClashDisplay-SemiBold&quot;;font-weight:400;\"><h3>Les aides aux travaux de pose des bornes de recharge de la r\u00e9gion Occitanie<\/h3>\n<\/div><div class=\"fusion-text fusion-text-31\" style=\"font-size:18px;color:var(--awb-custom_color_2);font-family:&quot;Satoshi-Regular&quot;;font-weight:400;\"><p>La r\u00e9gion Occitanie verse des aides \u00e0 l\u2019installation de bornes de recharge en entreprise. Sont concern\u00e9es les bornes de recharge sur un lieu de travail dot\u00e9 d\u2019un b\u00e2timent \u00ab cons\u00e9quent \u00bb. Le montant de la prime est de <strong>3 000 euros par borne de recharge bidirectionnelle<\/strong>. Il est de 1 500 euros par borne de recharge intelligente.<\/p>\n<\/div><div class=\"fusion-text fusion-text-32 blog-h3\" style=\"font-size:24px;text-transform:uppercase;color:var(--awb-custom_color_2);font-family:&quot;ClashDisplay-SemiBold&quot;;font-weight:400;\"><h3>Prime \u00e0 l\u2019installation de bornes en entreprise : la r\u00e9gion Grand Est<\/h3>\n<\/div><div class=\"fusion-text fusion-text-33\" style=\"font-size:18px;color:var(--awb-custom_color_2);font-family:&quot;Satoshi-Regular&quot;;font-weight:400;\"><p>Dans la r\u00e9gion Grand Est, entreprises et associations implant\u00e9es sur le territoire d\u2019une agglom\u00e9ration de moins de 100 000 habitants sont \u00e9ligibles. Les aides \u00e0 l\u2019installation de bornes de recharge en entreprise de la r\u00e9gion sont de <strong>50 % du co\u00fbt total de l\u2019infrastructure<\/strong> (travaux et mat\u00e9riel). L\u2019offre est cumulable avec les subventions ADVENIR.<\/p>\n<\/div><div class=\"fusion-text fusion-text-34 blog-h2\" style=\"font-size:35px;text-transform:uppercase;color:var(--awb-custom_color_2);font-family:&quot;ClashDisplay-SemiBold&quot;;font-weight:400;\"><h2 id=\"ancre4\">Aides \u00e0 la pose de bornes de recharge de Logivolt Territoires<\/h2>\n<\/div><div class=\"fusion-text fusion-text-35\" style=\"font-size:18px;color:var(--awb-custom_color_2);font-family:&quot;Satoshi-Regular&quot;;font-weight:400;\"><p>Logivolt Territoires propose des aides \u00e0 l\u2019installation de bornes de recharge en entreprise. Il s\u2019agit d\u2019une cr\u00e9ation de la Banque des Territoires (Caisse des D\u00e9p\u00f4ts). L\u2019organisme public dispose de 150 millions d\u2019euros pour financer l\u2019installation de 125 000 <strong>bornes de recharge en copropri\u00e9t\u00e9<\/strong>. Le programme avance le financement du co\u00fbt des travaux d\u2019installation des infrastructures de recharge en copropri\u00e9t\u00e9. Approfondissons en 2 points.<\/p>\n<\/div><div class=\"fusion-text fusion-text-36 blog-h3\" style=\"font-size:24px;text-transform:uppercase;color:var(--awb-custom_color_2);font-family:&quot;ClashDisplay-SemiBold&quot;;font-weight:400;\"><h3>Prime pour l\u2019installation de bornes de recharges en parking d\u2019immeuble<\/h3>\n<\/div><div class=\"fusion-text fusion-text-37\" style=\"font-size:18px;color:var(--awb-custom_color_2);font-family:&quot;Satoshi-Regular&quot;;font-weight:400;\"><p>Logivolt Territoires verse des aides \u00e0 l\u2019installation de bornes de recharge en parking d\u2019immeuble. La prime finance tout projet d\u2019infrastructure de recharge collective sur un parking int\u00e9rieur de plus de 20 places. Le montant de la subvention <strong>couvre l\u2019int\u00e9gralit\u00e9 du co\u00fbt des travaux<\/strong>. Le co\u00fbt est r\u00e9percut\u00e9 sur les utilisateurs de v\u00e9hicules \u00e9lectriques.<\/p>\n<\/div><div class=\"fusion-text fusion-text-38 blog-h3\" style=\"font-size:24px;text-transform:uppercase;color:var(--awb-custom_color_2);font-family:&quot;ClashDisplay-SemiBold&quot;;font-weight:400;\"><h3>Aides pour bornes de recharge de syndic de copropri\u00e9t\u00e9<\/h3>\n<\/div><div class=\"fusion-text fusion-text-39\" style=\"font-size:18px;color:var(--awb-custom_color_2);font-family:&quot;Satoshi-Regular&quot;;font-weight:400;\"><p>Ces aides \u00e0 l\u2019installation de bornes de recharge en entreprise s\u2019adressent \u00e0 toute copropri\u00e9t\u00e9 priv\u00e9e. L\u2019objectif est de soutenir le d\u00e9ploiement des v\u00e9hicules \u00e9lectriques. L\u2019infrastructure collective de recharge <strong>reste la propri\u00e9t\u00e9 de l\u2019organisme<\/strong> jusqu\u2019\u00e0 20 % de raccordement des places de parking. La copropri\u00e9t\u00e9 peut aussi exercer une option de rachat de l\u2019infrastructure.<\/p>\n<\/div><div class=\"fusion-text fusion-text-40 blog-h2\" style=\"font-size:35px;text-transform:uppercase;color:var(--awb-custom_color_2);font-family:&quot;ClashDisplay-SemiBold&quot;;font-weight:400;\"><h2 id=\"ancre5\">Aides de l\u2019\u00c9tat pour l\u2019installation de bornes de recharge : les entreprises d\u2019autoroutes<\/h2>\n<\/div><div class=\"fusion-text fusion-text-41\" style=\"font-size:18px;color:var(--awb-custom_color_2);font-family:&quot;Satoshi-Regular&quot;;font-weight:400;\"><p>Ces aides \u00e0 l\u2019installation de bornes de recharge en entreprise s\u2019inscrivent dans le cadre du <strong>plan France Relance<\/strong>. Le gouvernement veut en effet acc\u00e9l\u00e9rer le d\u00e9ploiement des bornes de recharge rapides sur le r\u00e9seau routier. Son objectif est de couvrir l\u2019int\u00e9gralit\u00e9 des autoroutes de bornes de recharges rapides d\u2019ici juillet 2023. Voyons de quoi il s\u2019agit.<\/p>\n<\/div><div class=\"fusion-text fusion-text-42 blog-h3\" style=\"font-size:24px;text-transform:uppercase;color:var(--awb-custom_color_2);font-family:&quot;ClashDisplay-SemiBold&quot;;font-weight:400;\"><h3>Les entreprises \u00e9ligibles aux aides \u00e0 l\u2019installation de bornes de recharge<\/h3>\n<\/div><div class=\"fusion-text fusion-text-43\" style=\"font-size:18px;color:var(--awb-custom_color_2);font-family:&quot;Satoshi-Regular&quot;;font-weight:400;\"><p>Le plan France Relance ne pr\u00e9voit pas \u00e0 proprement parler d\u2019aides \u00e0 l\u2019installation de bornes de recharge en entreprise. Mais ces subventions int\u00e9ressent les <strong>entreprises gestionnaires<\/strong> d\u2019aires de services ou d\u2019autoroutes. Sont \u00e9ligibles les entreprises concessionnaires et sous-concessionnaires :<\/p>\n<ul>\n<li>d\u2019autoroute ;<\/li>\n<li>d\u2019aires de service des autoroutes et des nationales.<\/li>\n<\/ul>\n<\/div><div class=\"fusion-text fusion-text-44 blog-h3\" style=\"font-size:24px;text-transform:uppercase;color:var(--awb-custom_color_2);font-family:&quot;ClashDisplay-SemiBold&quot;;font-weight:400;\"><h3>Quelles sont les infrastructures de recharge vis\u00e9es par ces aides ?<\/h3>\n<\/div><div class=\"fusion-text fusion-text-45\" style=\"font-size:18px;color:var(--awb-custom_color_2);font-family:&quot;Satoshi-Regular&quot;;font-weight:400;\"><p>&lt;p&gt;L\u2019arr\u00eat\u00e9 du 15 f\u00e9vrier 2021 fixe les crit\u00e8res d\u2019\u00e9ligibilit\u00e9 pour les infrastructures de recharge de v\u00e9hicules \u00e9lectriques. Il s\u2019agit de bornes de recharge rapides de &lt;strong&gt;puissance sup\u00e9rieure \u00e0 50 kW&lt;\/strong&gt;. Le montant des subventions d\u2019\u00c9tat varie de 30 \u00e0 40 % du co\u00fbt d\u2019installation.&lt;\/p&gt;<\/p>\n<\/div><div class=\"fusion-text fusion-text-46 blog-h2\" style=\"font-size:35px;text-transform:uppercase;color:var(--awb-custom_color_2);font-family:&quot;ClashDisplay-SemiBold&quot;;font-weight:400;\"><h2 id=\"ancre6\">Cr\u00e9dit d\u2019imp\u00f4t et installation de bornes de recharge en entreprise<\/h2>\n<\/div><div class=\"fusion-text fusion-text-47\" style=\"font-size:18px;color:var(--awb-custom_color_2);font-family:&quot;Satoshi-Regular&quot;;font-weight:400;\"><p>Le cr\u00e9dit d\u2019imp\u00f4t ne fait pas partie des aides \u00e0 l\u2019installation de bornes de recharge en entreprise. Il s\u2019adresse aux <strong>particuliers qui ont un projet d\u2019installation<\/strong> \u00e0 leur domicile. Ces particuliers peuvent \u00eatre propri\u00e9taires, locataires ou occupants \u00e0 titre gratuit. Le cr\u00e9dit d\u2019imp\u00f4t vise les <strong>personnes physiques<\/strong>. Une entreprise (personne morale) propri\u00e9taire d\u2019un bien immobilier n\u2019est donc pas \u00e9ligible.<\/p>\n<\/div><\/div><style type=\"text\/css\">.fusion-body .fusion-builder-column-0{width:100% !important;margin-top : 0px;margin-bottom : 40px;}.fusion-builder-column-0 > .fusion-column-wrapper {padding-top : 0px !important;padding-right : 0px !important;margin-right : 1.92%;padding-bottom : 0px !important;padding-left : 0px !important;margin-left : 1.92%;}@media only screen and (max-width:1024px) {.fusion-body .fusion-builder-column-0{width:100% !important;order : 0;}.fusion-builder-column-0 > .fusion-column-wrapper {margin-right : 1.92%;margin-left : 1.92%;}}@media only screen and (max-width:640px) {.fusion-body .fusion-builder-column-0{width:100% !important;order : 0;}.fusion-builder-column-0 > .fusion-column-wrapper {margin-right : 1.92%;margin-left : 1.92%;}}<\/style><\/div><\/div><style type=\"text\/css\">.fusion-body .fusion-flex-container.fusion-builder-row-1{ padding-top : 0px;margin-top : 0px;padding-right : 0px;padding-bottom : 0px;margin-bottom : 0px;padding-left : 0px;}<\/style><\/div>\n<\/p>\n\n","protected":false},"excerpt":{"rendered":"","protected":false},"author":8,"featured_media":2549,"comment_status":"open","ping_status":"open","sticky":false,"template":"","format":"standard","meta":{"footnotes":""},"categories":[149],"tags":[152],"_links":{"self":[{"href":"https:\/\/www.zeborne.com\/fr\/wp-json\/wp\/v2\/posts\/2546"}],"collection":[{"href":"https:\/\/www.zeborne.com\/fr\/wp-json\/wp\/v2\/posts"}],"about":[{"href":"https:\/\/www.zeborne.com\/fr\/wp-json\/wp\/v2\/types\/post"}],"author":[{"embeddable":true,"href":"https:\/\/www.zeborne.com\/fr\/wp-json\/wp\/v2\/users\/8"}],"replies":[{"embeddable":true,"href":"https:\/\/www.zeborne.com\/fr\/wp-json\/wp\/v2\/comments?post=2546"}],"version-history":[{"count":4,"href":"https:\/\/www.zeborne.com\/fr\/wp-json\/wp\/v2\/posts\/2546\/revisions"}],"predecessor-version":[{"id":2935,"href":"https:\/\/www.zeborne.com\/fr\/wp-json\/wp\/v2\/posts\/2546\/revisions\/2935"}],"wp:featuredmedia":[{"embeddable":true,"href":"https:\/\/www.zeborne.com\/fr\/wp-json\/wp\/v2\/media\/2549"}],"wp:attachment":[{"href":"https:\/\/www.zeborne.com\/fr\/wp-json\/wp\/v2\/media?parent=2546"}],"wp:term":[{"taxonomy":"category","embeddable":true,"href":"https:\/\/www.zeborne.com\/fr\/wp-json\/wp\/v2\/categories?post=2546"},{"taxonomy":"post_tag","embeddable":true,"href":"https:\/\/www.zeborne.com\/fr\/wp-json\/wp\/v2\/tags?post=2546"}],"curies":[{"name":"wp","href":"https:\/\/api.w.org\/{rel}","templated":true}]}}