{"id":2753,"date":"2023-05-09T10:59:43","date_gmt":"2023-05-09T08:59:43","guid":{"rendered":"https:\/\/www.zeborne.com\/fr\/?p=2753"},"modified":"2023-05-11T15:56:56","modified_gmt":"2023-05-11T13:56:56","slug":"pourquoi-developper-son-infrastructures-de-recharge-pour-vehicules-electriques-en-milieu-publique","status":"publish","type":"post","link":"https:\/\/www.zeborne.com\/fr\/guide\/pourquoi-developper-son-infrastructures-de-recharge-pour-vehicules-electriques-en-milieu-publique\/","title":{"rendered":"Pourquoi d\u00e9velopper son Infrastructures de Recharge pour V\u00e9hicules \u00c9lectriques en milieu publique ?"},"content":{"rendered":"<p><div class=\"fusion-fullwidth fullwidth-box fusion-builder-row-1 fusion-flex-container container-article nonhundred-percent-fullwidth non-hundred-percent-height-scrolling\" style=\"background-color: rgba(255,255,255,0);background-position: center center;background-repeat: no-repeat;border-width: 0px 0px 0px 0px;border-color:var(--awb-color3);border-style:solid;\" ><div class=\"fusion-builder-row fusion-row fusion-flex-align-items-flex-start\" style=\"max-width:1248px;margin-left: calc(-4% \/ 2 );margin-right: calc(-4% \/ 2 );\"><div class=\"fusion-layout-column fusion_builder_column fusion-builder-column-0 fusion_builder_column_1_1 1_1 fusion-flex-column fusion-flex-align-self-flex-start\"><div class=\"fusion-column-wrapper fusion-flex-justify-content-flex-start fusion-content-layout-row\" style=\"background-position:left top;background-repeat:no-repeat;-webkit-background-size:cover;-moz-background-size:cover;-o-background-size:cover;background-size:cover;padding: 0px 0px 0px 0px;\"><div class=\"fusion-text fusion-text-1\" style=\"font-size:18px;color:var(--awb-custom_color_2);font-family:&quot;Satoshi-Bold&quot;;font-weight:400;\"><p>La loi LOM de 2019 offre aux collectivit\u00e9s la possibilit\u00e9 de <a href=\"https:\/\/www.zeborne.com\/fr\/guide\/comment-construire-son-plan-de-deploiement-d-irve\">construire leur plan de d\u00e9ploiement d\u2019IRVE<\/a>. L\u2019objectif de l\u2019\u00c9tat est de soutenir le d\u00e9ploiement des v\u00e9hicules \u00e9lectriques. Pour une collectivit\u00e9, c\u2019est l\u2019opportunit\u00e9 de <strong>d\u00e9velopper son infrastructure de recharge publique<\/strong>. Cette page d\u00e9taille 10 raisons d\u2019investir dans une telle installation.<\/p>\n<\/div><div class=\"fusion-text fusion-text-2 blog-h2\" style=\"font-size:35px;text-transform:uppercase;color:var(--awb-custom_color_2);font-family:&quot;ClashDisplay-SemiBold&quot;;font-weight:400;\"><h2 id=\"ancre1\">Offrir des bornes de recharge de haute puissance<\/h2>\n<\/div><div class=\"fusion-text fusion-text-3\" style=\"font-size:18px;color:var(--awb-custom_color_2);font-family:&quot;Satoshi-Regular&quot;;font-weight:400;\"><p>Le temps de recharge des v\u00e9hicules \u00e9lectriques <strong>freine leur d\u00e9ploiement<\/strong>. Pourtant, des bornes de recharge haute puissance existent, mais leur prix est trop \u00e9lev\u00e9. Seules les collectivit\u00e9s ont la capacit\u00e9 financi\u00e8re d\u2019investir dans des <a href=\"https:\/\/www.zeborne.com\/fr\/guide\/bornes-de-recharge-a-hub-pour-voitures-electriques\">bornes de recharge \u00e0 Hub pour voitures \u00e9lectriques<\/a>. Ces sites de recharge publics peuvent int\u00e9grer des points de recharge haute puissance.<\/p>\n<\/div><div class=\"fusion-text fusion-text-4 blog-h2\" style=\"font-size:35px;text-transform:uppercase;color:var(--awb-custom_color_2);font-family:&quot;ClashDisplay-SemiBold&quot;;font-weight:400;\"><h2 id=\"ancre2\">Satisfaire aux obligations d\u2019installation des infrastructures<\/h2>\n<\/div><div class=\"fusion-text fusion-text-5\" style=\"font-size:18px;color:var(--awb-custom_color_2);font-family:&quot;Satoshi-Regular&quot;;font-weight:400;\"><p>Recharger sa voiture \u00e9lectrique sur un r\u00e9seau priv\u00e9 co\u00fbte cher. En 2022, certains gestionnaires d\u2019infrastructures de recharge ont augment\u00e9 leurs prix de 42 \u00e0 50 %. L\u2019<a href=\"https:\/\/www.zeborne.com\/fr\/guide\/installation-de-bornes-de-recharge-publiques-pour-collectivites-et-administrations\">installation de bornes de recharge publiques dans les collectivit\u00e9s<\/a> permet de ma\u00eetriser les prix. C\u2019est un service d\u00e9terminant pour <strong>soutenir le d\u00e9ploiement des v\u00e9hicules \u00e9lectriques<\/strong>. Les collectivit\u00e9s ont la possibilit\u00e9 de facturer la recharge des v\u00e9hicules \u00e9lectriques sur leurs infrastructures.<\/p>\n<\/div><div ><style>.fusion-imageframe.imageframe-1{ margin-bottom : 16px;}<\/style><span class=\" fusion-imageframe imageframe-none imageframe-1 hover-type-none image-caption\" style=\"border-radius:30px;\"><img decoding=\"async\" width=\"300\" height=\"200\" alt=\"Emplacement de recharge pour voiture\" title=\"Emplacement de recharge pour voiture\" src=\"https:\/\/www.zeborne.com\/fr\/wp-content\/uploads\/sites\/3\/2023\/05\/Emplacement-de-recharge-pour-voiture-300x200.jpg\" class=\"img-responsive wp-image-2813\" srcset=\"https:\/\/www.zeborne.com\/fr\/wp-content\/uploads\/sites\/3\/2023\/05\/Emplacement-de-recharge-pour-voiture-200x133.jpg 200w, https:\/\/www.zeborne.com\/fr\/wp-content\/uploads\/sites\/3\/2023\/05\/Emplacement-de-recharge-pour-voiture-400x266.jpg 400w, https:\/\/www.zeborne.com\/fr\/wp-content\/uploads\/sites\/3\/2023\/05\/Emplacement-de-recharge-pour-voiture.jpg 500w\" sizes=\"(max-width: 640px) 100vw, 300px\" \/><\/span><\/div><div class=\"fusion-text fusion-text-6 blog-h2\" style=\"font-size:35px;text-transform:uppercase;color:var(--awb-custom_color_2);font-family:&quot;ClashDisplay-SemiBold&quot;;font-weight:400;\"><h2 id=\"ancre3\">Accompagner les m\u00e9nages dans le d\u00e9veloppement de la mobilit\u00e9 z\u00e9ro \u00e9mission<\/h2>\n<\/div><div class=\"fusion-text fusion-text-7\" style=\"font-size:18px;color:var(--awb-custom_color_2);font-family:&quot;Satoshi-Regular&quot;;font-weight:400;\"><p>90 % des utilisateurs de v\u00e9hicules \u00e9lectriques effectuent leur recharge \u00e0 domicile. D\u00e9velopper son infrastructure de recharge publique apporte donc une solution de recharge compl\u00e9mentaire. Les parkings et les aires de stationnement publics manquent de bornes de recharge. Ce <strong>d\u00e9ficit d\u2019infrastructures de recharge <\/strong>emp\u00eache \u00e9galement le d\u00e9veloppement de la mobilit\u00e9 \u00e9lectrique.<\/p>\n<\/div><div class=\"fusion-text fusion-text-8 blog-h2\" style=\"font-size:35px;text-transform:uppercase;color:var(--awb-custom_color_2);font-family:&quot;ClashDisplay-SemiBold&quot;;font-weight:400;\"><h2 id=\"ancre4\">Soutenir les \u00e9conomies d\u2019\u00e9nergie de la France<\/h2>\n<\/div><div class=\"fusion-text fusion-text-9\" style=\"font-size:18px;color:var(--awb-custom_color_2);font-family:&quot;Satoshi-Regular&quot;;font-weight:400;\"><p>En 2030, la France doit r\u00e9duire de 30 % sa consommation d\u2019\u00e9nergie fossile (loi 2015-992). Les v\u00e9hicules thermiques repr\u00e9sentent <strong>32 % de la consommation d\u2019\u00e9nergie finale<\/strong>. Pour les collectivit\u00e9s, d\u00e9velopper une infrastructure de recharge publique est un moyen de contribuer au respect des engagements de la France en termes d\u2019\u00e9conomies d\u2019\u00e9nergie. Actuellement, les stations de recharge accessibles au public ne repr\u00e9sentent que 6 % du parc.<\/p>\n<\/div><div class=\"fusion-text fusion-text-10 blog-h2\" style=\"font-size:35px;text-transform:uppercase;color:var(--awb-custom_color_2);font-family:&quot;ClashDisplay-SemiBold&quot;;font-weight:400;\"><h2 id=\"ancre5\">Suivre les prescriptions d\u2019un plan climat air \u00e9nergie<\/h2>\n<\/div><div class=\"fusion-text fusion-text-11\" style=\"font-size:18px;color:var(--awb-custom_color_2);font-family:&quot;Satoshi-Regular&quot;;font-weight:400;\"><p>Un <strong>Plan Climat Air-\u00c9nergie Territorial<\/strong> (PCAET) s\u2019impose aux collectivit\u00e9s int\u00e9gr\u00e9es aux intercommunalit\u00e9s de plus de 20 000 habitants. D\u00e9velopper son infrastructure de recharge publique permet ainsi de remplir les objectifs du PCAET. En font partie la ma\u00eetrise des \u00e9missions de GES, l\u2019am\u00e9lioration de la qualit\u00e9 de l\u2019air, la r\u00e9duction de la consommation d\u2019\u00e9nergie et la mise \u00e0 disposition d\u2019infrastructures de recharge<\/p>\n<\/div><div class=\"fusion-text fusion-text-12 blog-h2\" style=\"font-size:35px;text-transform:uppercase;color:var(--awb-custom_color_2);font-family:&quot;ClashDisplay-SemiBold&quot;;font-weight:400;\"><h2 id=\"ancre6\">D\u00e9ployer un sch\u00e9ma directeur de d\u00e9veloppement des IRVE<\/h2>\n<\/div><div class=\"fusion-text fusion-text-13\" style=\"font-size:18px;color:var(--awb-custom_color_2);font-family:&quot;Satoshi-Regular&quot;;font-weight:400;\"><p>D\u00e9velopper son infrastructure de recharge publique permet d\u2019\u00e9laborer un sch\u00e9ma directeur de d\u00e9veloppement des infrastructures de recharge de v\u00e9hicules \u00e9lectriques (IRVE). Ce sch\u00e9ma pr\u00e9sente un double int\u00e9r\u00eat pour les collectivit\u00e9s : le <strong>co-financement de sa mise en place<\/strong> par la banque des territoires et le d\u00e9clenchement des aides au raccordement au r\u00e9seau \u00e9lectrique.<\/p>\n<\/div><div class=\"fusion-text fusion-text-14 blog-h2\" style=\"font-size:35px;text-transform:uppercase;color:var(--awb-custom_color_2);font-family:&quot;ClashDisplay-SemiBold&quot;;font-weight:400;\"><h2 id=\"ancre7\">Profiter de l\u2019existence d\u2019aides \u00e0 l\u2019installation de bornes de recharge<\/h2>\n<\/div><div class=\"fusion-text fusion-text-15\" style=\"font-size:18px;color:var(--awb-custom_color_2);font-family:&quot;Satoshi-Regular&quot;;font-weight:400;\"><p>Les collectivit\u00e9s devront proposer <strong>entre 1,6 et 3,1 millions de points de recharge en 2030<\/strong>. Afin de jouer pleinement leur r\u00f4le d\u2019acc\u00e9l\u00e9rateur de la mobilit\u00e9 verte, elles peuvent b\u00e9n\u00e9ficier d\u2019aides \u00e0 l\u2019installation. Le programme ADVENIR finance ainsi jusqu\u2019\u00e0 30 % du co\u00fbt d\u2019installation des infrastructures de recharge. La cr\u00e9ation de stations de recharge est \u00e9ligible \u00e0 l\u2019appel \u00e0 projets \u00ab d\u00e9ploiement des stations de recharge pour v\u00e9hicules \u00e9lectriques \u00bb.<\/p>\n<\/div><div class=\"fusion-text fusion-text-16 blog-h2\" style=\"font-size:35px;text-transform:uppercase;color:var(--awb-custom_color_2);font-family:&quot;ClashDisplay-SemiBold&quot;;font-weight:400;\"><h2 id=\"ancre8\">Compenser le d\u00e9ficit d\u2019infrastructures de recharge priv\u00e9es<\/h2>\n<\/div><div class=\"fusion-text fusion-text-17\" style=\"font-size:18px;color:var(--awb-custom_color_2);font-family:&quot;Satoshi-Regular&quot;;font-weight:400;\"><p>La r\u00e9glementation autorise les collectivit\u00e9s publiques \u00e0 d\u00e9velopper leur infrastructure de recharge, \u00e0 condition qu\u2019un d\u00e9ficit de bornes de recharge soit av\u00e9r\u00e9 sur leur territoire. Face au d\u00e9ploiement rapide des v\u00e9hicules \u00e9lectriques en France, des <strong>in\u00e9galit\u00e9s d\u2019acc\u00e8s \u00e0 l\u2019\u00e9nergie \u00e9lectrique <\/strong>vont en effet \u00e9merger. Le r\u00f4le des collectivit\u00e9s publiques est donc d\u2019\u00e9quiper les zones o\u00f9 l\u2019installation d\u2019une infrastructure de recharge n\u2019est pas assez rentable pour les op\u00e9rateurs priv\u00e9s.<\/p>\n<\/div><div class=\"fusion-text fusion-text-18 blog-h2\" style=\"font-size:35px;text-transform:uppercase;color:var(--awb-custom_color_2);font-family:&quot;ClashDisplay-SemiBold&quot;;font-weight:400;\"><h2 id=\"ancre9\">Proposer une offre attractive pour les entreprises et les m\u00e9nages<\/h2>\n<\/div><div class=\"fusion-text fusion-text-19\" style=\"font-size:18px;color:var(--awb-custom_color_2);font-family:&quot;Satoshi-Regular&quot;;font-weight:400;\"><p>Pour une municipalit\u00e9 ou une r\u00e9gion, d\u00e9velopper son infrastructure de recharge publique est un levier de d\u00e9veloppement. En effet, la vente des v\u00e9hicules thermiques sera interdite en 2040. Pour leur activit\u00e9, les entreprises vont donc devoir s\u2019\u00e9quiper en v\u00e9hicules \u00e9lectriques. Les m\u00e9nages, quant \u00e0 eux, n\u2019auront pas le choix. Les territoires bien \u00e9quip\u00e9s en infrastructures de recharge seront ainsi des <strong>p\u00f4les d\u2019attractivit\u00e9 \u00e9conomique<\/strong>.<\/p>\n<\/div><div class=\"fusion-text fusion-text-20\" style=\"font-size:18px;color:var(--awb-custom_color_2);font-family:&quot;Satoshi-Regular&quot;;font-weight:400;\"><p>L\u2019installation de bornes de recharge dans les collectivit\u00e9s n\u2019est pas le seul levier de <strong>d\u00e9veloppement des v\u00e9hicules \u00e9lectriques<\/strong>. Si ce sujet vous int\u00e9resse, consultez la page suivante :<\/p>\n<ul>\n<li><a href=\"https:\/\/www.zeborne.com\/fr\/guide\/pourquoi-developper-son-infrastructures-de-recharge-pour-vehicules-electriques-en-milieu-prive\">Pourquoi d\u00e9velopper son infrastructure de recharge pour v\u00e9hicules \u00e9lectriques en milieu priv\u00e9 ?<\/a><\/li>\n<\/ul>\n<\/div><\/div><style type=\"text\/css\">.fusion-body .fusion-builder-column-0{width:100% !important;margin-top : 0px;margin-bottom : 40px;}.fusion-builder-column-0 > .fusion-column-wrapper {padding-top : 0px !important;padding-right : 0px !important;margin-right : 1.92%;padding-bottom : 0px !important;padding-left : 0px !important;margin-left : 1.92%;}@media only screen and (max-width:1024px) {.fusion-body .fusion-builder-column-0{width:100% !important;order : 0;}.fusion-builder-column-0 > .fusion-column-wrapper {margin-right : 1.92%;margin-left : 1.92%;}}@media only screen and (max-width:640px) {.fusion-body .fusion-builder-column-0{width:100% !important;order : 0;}.fusion-builder-column-0 > .fusion-column-wrapper {margin-right : 1.92%;margin-left : 1.92%;}}<\/style><\/div><\/div><style type=\"text\/css\">.fusion-body .fusion-flex-container.fusion-builder-row-1{ padding-top : 0px;margin-top : 0px;padding-right : 0px;padding-bottom : 0px;margin-bottom : 0px;padding-left : 0px;}<\/style><\/div>\n<\/p>\n\n","protected":false},"excerpt":{"rendered":"","protected":false},"author":8,"featured_media":2813,"comment_status":"open","ping_status":"open","sticky":false,"template":"","format":"standard","meta":{"footnotes":""},"categories":[150],"tags":[152],"_links":{"self":[{"href":"https:\/\/www.zeborne.com\/fr\/wp-json\/wp\/v2\/posts\/2753"}],"collection":[{"href":"https:\/\/www.zeborne.com\/fr\/wp-json\/wp\/v2\/posts"}],"about":[{"href":"https:\/\/www.zeborne.com\/fr\/wp-json\/wp\/v2\/types\/post"}],"author":[{"embeddable":true,"href":"https:\/\/www.zeborne.com\/fr\/wp-json\/wp\/v2\/users\/8"}],"replies":[{"embeddable":true,"href":"https:\/\/www.zeborne.com\/fr\/wp-json\/wp\/v2\/comments?post=2753"}],"version-history":[{"count":4,"href":"https:\/\/www.zeborne.com\/fr\/wp-json\/wp\/v2\/posts\/2753\/revisions"}],"predecessor-version":[{"id":3034,"href":"https:\/\/www.zeborne.com\/fr\/wp-json\/wp\/v2\/posts\/2753\/revisions\/3034"}],"wp:featuredmedia":[{"embeddable":true,"href":"https:\/\/www.zeborne.com\/fr\/wp-json\/wp\/v2\/media\/2813"}],"wp:attachment":[{"href":"https:\/\/www.zeborne.com\/fr\/wp-json\/wp\/v2\/media?parent=2753"}],"wp:term":[{"taxonomy":"category","embeddable":true,"href":"https:\/\/www.zeborne.com\/fr\/wp-json\/wp\/v2\/categories?post=2753"},{"taxonomy":"post_tag","embeddable":true,"href":"https:\/\/www.zeborne.com\/fr\/wp-json\/wp\/v2\/tags?post=2753"}],"curies":[{"name":"wp","href":"https:\/\/api.w.org\/{rel}","templated":true}]}}